{"id":1393,"date":"2016-06-21T14:53:20","date_gmt":"2016-06-21T12:53:20","guid":{"rendered":"http:\/\/www.jazzpiestany.sk\/?p=1393"},"modified":"2016-06-21T14:53:20","modified_gmt":"2016-06-21T12:53:20","slug":"koncert-17-6-2016","status":"publish","type":"post","link":"http:\/\/www.jazzpiestany.sk\/?p=1393","title":{"rendered":"Koncert 17.6.2016"},"content":{"rendered":"<h3>17.6.2016 o 20.00 hod<\/h3>\n<h3><strong>Revival &amp; Traditional Jazz Band<\/strong><\/h3>\n<p>V r\u00e1mci jazzov\u00fdch letn\u00fdch ve\u010derov v pie\u0161\u0165anskom Kursal\u00f3ne, vyst\u00fapil 17.j\u00fana o 20:00 h.\u00a0 orchester VLADO VIZ\u00c1R &#8211; REVIVAL &amp; TRADITIONAL JAZZ BAND s hos\u0165kou PATR\u00cdCIOU P\u00c1LEN\u00cd\u010cKOVOU.<\/p>\n<p>Obsadenie orchestra : Patr\u00edcia P\u00e1len\u00ed\u010dkov\u00e1 &#8211; spev, gitara; Pavol Bodn\u00e1r &#8211; klav\u00edr; Andrej \u0160ebo &#8211; kontrabas; Janko Babi\u010d &#8211; bicie; Du\u0161an H\u00fa\u0161\u010dava &#8211; tenorsax; Lajo Horsk\u00fd &#8211; tr\u00fabka; Vlado Viz\u00e1r &#8211; tromb\u00f3n.<\/p>\n<p>Zahral si aj aj pie\u0161\u0165ansk\u00fd tr\u00fabk\u00e1r Andrej \u0160aradin.<\/p>\n<p><a href=\"http:\/\/www.jazzpiestany.sk\/wp-content\/uploads\/2015\/04\/IMG_20160617_2034571.jpg\"><img loading=\"lazy\" class=\"alignnone size-full wp-image-1390\" src=\"http:\/\/www.jazzpiestany.sk\/wp-content\/uploads\/2015\/04\/IMG_20160617_2034571.jpg\" alt=\"IMG_20160617_203457[1]\" width=\"460\" height=\"259\" srcset=\"http:\/\/www.jazzpiestany.sk\/wp-content\/uploads\/2015\/04\/IMG_20160617_2034571.jpg 4608w, http:\/\/www.jazzpiestany.sk\/wp-content\/uploads\/2015\/04\/IMG_20160617_2034571-300x169.jpg 300w, http:\/\/www.jazzpiestany.sk\/wp-content\/uploads\/2015\/04\/IMG_20160617_2034571-768x432.jpg 768w, http:\/\/www.jazzpiestany.sk\/wp-content\/uploads\/2015\/04\/IMG_20160617_2034571-1024x576.jpg 1024w, http:\/\/www.jazzpiestany.sk\/wp-content\/uploads\/2015\/04\/IMG_20160617_2034571-1170x658.jpg 1170w\" sizes=\"(max-width: 460px) 100vw, 460px\" \/><\/a><\/p>\n","protected":false},"excerpt":{"rendered":"<p>17.6.2016 o 20.00 hod Revival &amp; Traditional Jazz Band V r\u00e1mci jazzov\u00fdch letn\u00fdch ve\u010derov v pie\u0161\u0165anskom Kursal\u00f3ne, vyst\u00fapil 17.j\u00fana o 20:00 h.\u00a0 orchester VLADO VIZ\u00c1R &#8211; REVIVAL &amp; TRADITIONAL JAZZ BAND s hos\u0165kou PATR\u00cdCIOU P\u00c1LEN\u00cd\u010cKOVOU. Obsadenie orchestra : Patr\u00edcia P\u00e1len\u00ed\u010dkov\u00e1&#8230;<br \/><a class=\"read-more-button\" href=\"http:\/\/www.jazzpiestany.sk\/?p=1393\">Read more<\/a><\/p>\n","protected":false},"author":1,"featured_media":0,"comment_status":"closed","ping_status":"closed","sticky":false,"template":"","format":"standard","meta":{"ngg_post_thumbnail":0,"_s2mail":"yes"},"categories":[1],"tags":[215,96,213,95,214,211,212,98],"_links":{"self":[{"href":"http:\/\/www.jazzpiestany.sk\/index.php?rest_route=\/wp\/v2\/posts\/1393"}],"collection":[{"href":"http:\/\/www.jazzpiestany.sk\/index.php?rest_route=\/wp\/v2\/posts"}],"about":[{"href":"http:\/\/www.jazzpiestany.sk\/index.php?rest_route=\/wp\/v2\/types\/post"}],"author":[{"embeddable":true,"href":"http:\/\/www.jazzpiestany.sk\/index.php?rest_route=\/wp\/v2\/users\/1"}],"replies":[{"embeddable":true,"href":"http:\/\/www.jazzpiestany.sk\/index.php?rest_route=%2Fwp%2Fv2%2Fcomments&post=1393"}],"version-history":[{"count":1,"href":"http:\/\/www.jazzpiestany.sk\/index.php?rest_route=\/wp\/v2\/posts\/1393\/revisions"}],"predecessor-version":[{"id":1394,"href":"http:\/\/www.jazzpiestany.sk\/index.php?rest_route=\/wp\/v2\/posts\/1393\/revisions\/1394"}],"wp:attachment":[{"href":"http:\/\/www.jazzpiestany.sk\/index.php?rest_route=%2Fwp%2Fv2%2Fmedia&parent=1393"}],"wp:term":[{"taxonomy":"category","embeddable":true,"href":"http:\/\/www.jazzpiestany.sk\/index.php?rest_route=%2Fwp%2Fv2%2Fcategories&post=1393"},{"taxonomy":"post_tag","embeddable":true,"href":"http:\/\/www.jazzpiestany.sk\/index.php?rest_route=%2Fwp%2Fv2%2Ftags&post=1393"}],"curies":[{"name":"wp","href":"https:\/\/api.w.org\/{rel}","templated":true}]}}