{"id":666,"date":"2015-09-02T14:49:39","date_gmt":"2015-09-02T12:49:39","guid":{"rendered":"http:\/\/www.jazzpiestany.sk\/?p=666"},"modified":"2015-09-02T14:50:38","modified_gmt":"2015-09-02T12:50:38","slug":"koncert-28-8-2015","status":"publish","type":"post","link":"http:\/\/www.jazzpiestany.sk\/?p=666","title":{"rendered":"Koncert 28.8.2015"},"content":{"rendered":"<h3 id=\"mc_303-21-mini-title\" class=\"event-title summary\">Julia Siedl trio feat. \u0160tefan Pi\u0161ta Bartu\u0161<\/h3>\n<p><!-- index.php -->\n<div\n\tclass=\"ngg-galleryoverview ngg-ajax-pagination-none\"\n\tid=\"ngg-gallery-664-1\">\n\n    \t\t<!-- Thumbnails -->\n\t\t\t\t<div id=\"ngg-image-0\" class=\"ngg-gallery-thumbnail-box\" >\n\t\t\t\t        <div class=\"ngg-gallery-thumbnail\">\n            <a href=\"http:\/\/www.jazzpiestany.sk\/wp-content\/gallery\/28-8-2015\/DSC_0466.jpg\"\n               title=\"\"\n               data-src=\"http:\/\/www.jazzpiestany.sk\/wp-content\/gallery\/28-8-2015\/DSC_0466.jpg\"\n               data-thumbnail=\"http:\/\/www.jazzpiestany.sk\/wp-content\/gallery\/28-8-2015\/thumbs\/thumbs_DSC_0466.jpg\"\n               data-image-id=\"144\"\n               data-title=\"DSC_0466\"\n               data-description=\"\"\n               data-image-slug=\"dsc_0466\"\n               class=\"ngg-fancybox\" rel=\"664\">\n                <img\n                    title=\"DSC_0466\"\n                    alt=\"DSC_0466\"\n                    src=\"http:\/\/www.jazzpiestany.sk\/wp-content\/gallery\/28-8-2015\/thumbs\/thumbs_DSC_0466.jpg\"\n                    width=\"120\"\n                    height=\"90\"\n                    style=\"max-width:100%;\"\n                \/>\n            <\/a>\n        <\/div>\n\t\t\t\t\t\t\t<\/div> \n\t\t\t\n        \n\t\t\t\t<div id=\"ngg-image-1\" class=\"ngg-gallery-thumbnail-box\" >\n\t\t\t\t        <div class=\"ngg-gallery-thumbnail\">\n            <a href=\"http:\/\/www.jazzpiestany.sk\/wp-content\/gallery\/28-8-2015\/DSC_0468.jpg\"\n               title=\"\"\n               data-src=\"http:\/\/www.jazzpiestany.sk\/wp-content\/gallery\/28-8-2015\/DSC_0468.jpg\"\n               data-thumbnail=\"http:\/\/www.jazzpiestany.sk\/wp-content\/gallery\/28-8-2015\/thumbs\/thumbs_DSC_0468.jpg\"\n               data-image-id=\"145\"\n               data-title=\"DSC_0468\"\n               data-description=\"\"\n               data-image-slug=\"dsc_0468\"\n               class=\"ngg-fancybox\" rel=\"664\">\n                <img\n                    title=\"DSC_0468\"\n                    alt=\"DSC_0468\"\n                    src=\"http:\/\/www.jazzpiestany.sk\/wp-content\/gallery\/28-8-2015\/thumbs\/thumbs_DSC_0468.jpg\"\n                    width=\"120\"\n                    height=\"90\"\n                    style=\"max-width:100%;\"\n                \/>\n            <\/a>\n        <\/div>\n\t\t\t\t\t\t\t<\/div> \n\t\t\t\n        \n\t\t\t\t<div id=\"ngg-image-2\" class=\"ngg-gallery-thumbnail-box\" >\n\t\t\t\t        <div class=\"ngg-gallery-thumbnail\">\n            <a href=\"http:\/\/www.jazzpiestany.sk\/wp-content\/gallery\/28-8-2015\/DSC_0469.jpg\"\n               title=\"\"\n               data-src=\"http:\/\/www.jazzpiestany.sk\/wp-content\/gallery\/28-8-2015\/DSC_0469.jpg\"\n               data-thumbnail=\"http:\/\/www.jazzpiestany.sk\/wp-content\/gallery\/28-8-2015\/thumbs\/thumbs_DSC_0469.jpg\"\n               data-image-id=\"146\"\n               data-title=\"DSC_0469\"\n               data-description=\"\"\n               data-image-slug=\"dsc_0469\"\n               class=\"ngg-fancybox\" rel=\"664\">\n                <img\n                    title=\"DSC_0469\"\n                    alt=\"DSC_0469\"\n                    src=\"http:\/\/www.jazzpiestany.sk\/wp-content\/gallery\/28-8-2015\/thumbs\/thumbs_DSC_0469.jpg\"\n                    width=\"120\"\n                    height=\"90\"\n                    style=\"max-width:100%;\"\n                \/>\n            <\/a>\n        <\/div>\n\t\t\t\t\t\t\t<\/div> \n\t\t\t\n        \n\t\t\t\t<div id=\"ngg-image-3\" class=\"ngg-gallery-thumbnail-box\" >\n\t\t\t\t        <div class=\"ngg-gallery-thumbnail\">\n            <a href=\"http:\/\/www.jazzpiestany.sk\/wp-content\/gallery\/28-8-2015\/unnamed.jpg\"\n               title=\"\"\n               data-src=\"http:\/\/www.jazzpiestany.sk\/wp-content\/gallery\/28-8-2015\/unnamed.jpg\"\n               data-thumbnail=\"http:\/\/www.jazzpiestany.sk\/wp-content\/gallery\/28-8-2015\/thumbs\/thumbs_unnamed.jpg\"\n               data-image-id=\"147\"\n               data-title=\"unnamed\"\n               data-description=\"\"\n               data-image-slug=\"unnamed\"\n               class=\"ngg-fancybox\" rel=\"664\">\n                <img\n                    title=\"unnamed\"\n                    alt=\"unnamed\"\n                    src=\"http:\/\/www.jazzpiestany.sk\/wp-content\/gallery\/28-8-2015\/thumbs\/thumbs_unnamed.jpg\"\n                    width=\"120\"\n                    height=\"90\"\n                    style=\"max-width:100%;\"\n                \/>\n            <\/a>\n        <\/div>\n\t\t\t\t\t\t\t<\/div> \n\t\t\t\n        \n\t\t\n\t\t<!-- Pagination -->\n\t<div class='ngg-clear'><\/div>\t<\/div>\n<\/p>\n<p>Foto: O. Botek<\/p>\n<p>\u00da\u010dinkovali:<\/p>\n<p>Bicie: Andjelko Stupar<br \/>\nBasa: Stefan Pi\u0161ta Bartu\u0161<br \/>\nKlav\u00edr: Julia Siedl<br \/>\nspev: Hanka Gregu\u0161ov\u00e1<\/p>\n","protected":false},"excerpt":{"rendered":"<p>Julia Siedl trio feat. \u0160tefan Pi\u0161ta Bartu\u0161 Foto: O. Botek \u00da\u010dinkovali: Bicie: Andjelko Stupar Basa: Stefan Pi\u0161ta Bartu\u0161 Klav\u00edr: Julia Siedl spev: Hanka Gregu\u0161ov\u00e1<\/p>\n","protected":false},"author":1,"featured_media":0,"comment_status":"closed","ping_status":"closed","sticky":false,"template":"","format":"standard","meta":{"ngg_post_thumbnail":0,"_s2mail":"yes"},"categories":[1],"tags":[111,114,113,112],"_links":{"self":[{"href":"http:\/\/www.jazzpiestany.sk\/index.php?rest_route=\/wp\/v2\/posts\/666"}],"collection":[{"href":"http:\/\/www.jazzpiestany.sk\/index.php?rest_route=\/wp\/v2\/posts"}],"about":[{"href":"http:\/\/www.jazzpiestany.sk\/index.php?rest_route=\/wp\/v2\/types\/post"}],"author":[{"embeddable":true,"href":"http:\/\/www.jazzpiestany.sk\/index.php?rest_route=\/wp\/v2\/users\/1"}],"replies":[{"embeddable":true,"href":"http:\/\/www.jazzpiestany.sk\/index.php?rest_route=%2Fwp%2Fv2%2Fcomments&post=666"}],"version-history":[{"count":1,"href":"http:\/\/www.jazzpiestany.sk\/index.php?rest_route=\/wp\/v2\/posts\/666\/revisions"}],"predecessor-version":[{"id":667,"href":"http:\/\/www.jazzpiestany.sk\/index.php?rest_route=\/wp\/v2\/posts\/666\/revisions\/667"}],"wp:attachment":[{"href":"http:\/\/www.jazzpiestany.sk\/index.php?rest_route=%2Fwp%2Fv2%2Fmedia&parent=666"}],"wp:term":[{"taxonomy":"category","embeddable":true,"href":"http:\/\/www.jazzpiestany.sk\/index.php?rest_route=%2Fwp%2Fv2%2Fcategories&post=666"},{"taxonomy":"post_tag","embeddable":true,"href":"http:\/\/www.jazzpiestany.sk\/index.php?rest_route=%2Fwp%2Fv2%2Ftags&post=666"}],"curies":[{"name":"wp","href":"https:\/\/api.w.org\/{rel}","templated":true}]}}